{"id":1119,"date":"2021-06-24T00:03:04","date_gmt":"2021-06-23T22:03:04","guid":{"rendered":"https:\/\/rafalbartek.pl\/?p=1119"},"modified":"2021-06-24T00:03:04","modified_gmt":"2021-06-23T22:03:04","slug":"pomoc-poszkodowanym-w-nowej-bialej","status":"publish","type":"post","link":"https:\/\/rafalbartek.pl\/de\/2021\/06\/24\/pomoc-poszkodowanym-w-nowej-bialej\/","title":{"rendered":"Spendeaktion f\u00fcr die Opfer des Brandes in Nowa Bia\u0142a"},"content":{"rendered":"<p>Nach der Brandtrag\u00f6die in Nowa Bia\u0142a in Kleinpolen organisiert der Hauptvorstand des Verbandes der Slowaken in Polen eine Sammlung &#8211; Geschenk des Herzens -f\u00fcr die Opfer des Brandes vom 19. Juni 2021.<\/p>\n<p>Jeder, der die Betroffenen unterst\u00fctzen m\u00f6chte, kann eine Spende auf das getrennte Konto des Verbandes der Slowaken in Polen leisten:<\/p>\n<p>BG\u017b BNP PARIBAS:\u00a0<strong>59 1600 1462 1836 1842 2000 0007<\/strong><\/p>\n<p>IBAN:\u00a0<strong>PL59 1600 1462 1836 1842 2000 0007<\/strong><\/p>\n<p>BIC\/SWIFT:\u00a0<strong>PPABPLPK<\/strong><\/p>\n<p>Mit folgender Aufschrift:\u00a0<strong>Dla poszkodowanych w Nowej Bia\u0142ej<\/strong>\u00a0[f\u00fcr die Betroffenen in Nowa Bia\u0142a]<\/p>\n<p>Der Gro\u00dfbrand, der sich am 19. Juni 2021 im Dorf Nowa Bia\u0142a ereignete, verschlang mehr als 40 Wohn- und Nebengeb\u00e4ude, in denen etwa 110 Personen lebten. 9 Menschen waren betroffen.\u00a0Der sich schnell ausbreitende Feuer lie\u00df ungef\u00e4hr 110 Personen, zu denen auch polnische Staatsangeh\u00f6rige, die sich zur slowakischen Minderheit erkl\u00e4ren, ohne Obdach. Unter den Verletzten waren 9 Menschen und darunter zwei, die ins Krankenhaus eingeliefert wurden. Bis in die sp\u00e4ten Stunden k\u00e4mpften mit dem Brand 400 Feuerwehreinheiten.<\/p>\n<p>Es ist nicht der erste, jedoch der gr\u00f6\u00dfte Brand seit 30 Jahren des an der polnisch-slowakischen Grenze liegenden Dorfes.<\/p>\n<p>Bildquelle: nowabiala24.pl<\/p>","protected":false},"excerpt":{"rendered":"<p>Nach der Brandtrag\u00f6die in Nowa Bia\u0142a in Kleinpolen organisiert der Hauptvorstand des Verbandes der Slowaken in Polen eine Sammlung &#8211; Geschenk des Herzens -f\u00fcr die Opfer des Brandes vom 19. Juni 2021. Jeder, der die Betroffenen unterst\u00fctzen m\u00f6chte, kann eine Spende auf das getrennte Konto des Verbandes der Slowaken in Polen leisten: BG\u017b BNP PARIBAS:\u00a059 [&hellip;]<\/p>\n","protected":false},"author":2,"featured_media":1120,"comment_status":"closed","ping_status":"open","sticky":false,"template":"","format":"standard","meta":{"footnotes":""},"categories":[1],"tags":[],"class_list":["post-1119","post","type-post","status-publish","format-standard","has-post-thumbnail","hentry","category-aktuelles"],"featured_image_src":"https:\/\/rafalbartek.pl\/wp-content\/uploads\/2021\/06\/nowabialajtragediaaa-1078x516-1-600x400.jpg","featured_image_src_square":"https:\/\/rafalbartek.pl\/wp-content\/uploads\/2021\/06\/nowabialajtragediaaa-1078x516-1-600x516.jpg","author_info":{"display_name":"Rafal","author_link":"https:\/\/rafalbartek.pl\/de\/author\/rafal\/"},"_links":{"self":[{"href":"https:\/\/rafalbartek.pl\/de\/wp-json\/wp\/v2\/posts\/1119","targetHints":{"allow":["GET"]}}],"collection":[{"href":"https:\/\/rafalbartek.pl\/de\/wp-json\/wp\/v2\/posts"}],"about":[{"href":"https:\/\/rafalbartek.pl\/de\/wp-json\/wp\/v2\/types\/post"}],"author":[{"embeddable":true,"href":"https:\/\/rafalbartek.pl\/de\/wp-json\/wp\/v2\/users\/2"}],"replies":[{"embeddable":true,"href":"https:\/\/rafalbartek.pl\/de\/wp-json\/wp\/v2\/comments?post=1119"}],"version-history":[{"count":1,"href":"https:\/\/rafalbartek.pl\/de\/wp-json\/wp\/v2\/posts\/1119\/revisions"}],"predecessor-version":[{"id":1121,"href":"https:\/\/rafalbartek.pl\/de\/wp-json\/wp\/v2\/posts\/1119\/revisions\/1121"}],"wp:featuredmedia":[{"embeddable":true,"href":"https:\/\/rafalbartek.pl\/de\/wp-json\/wp\/v2\/media\/1120"}],"wp:attachment":[{"href":"https:\/\/rafalbartek.pl\/de\/wp-json\/wp\/v2\/media?parent=1119"}],"wp:term":[{"taxonomy":"category","embeddable":true,"href":"https:\/\/rafalbartek.pl\/de\/wp-json\/wp\/v2\/categories?post=1119"},{"taxonomy":"post_tag","embeddable":true,"href":"https:\/\/rafalbartek.pl\/de\/wp-json\/wp\/v2\/tags?post=1119"}],"curies":[{"name":"wp","href":"https:\/\/api.w.org\/{rel}","templated":true}]}}